{"id":836,"date":"2018-06-06T11:47:43","date_gmt":"2018-06-06T11:47:43","guid":{"rendered":"http:\/\/bancosfinanzasvalores.com\/?p=836"},"modified":"2018-06-06T11:47:43","modified_gmt":"2018-06-06T11:47:43","slug":"banco-central-europeo-debatira-terminar-las-compras-bonos","status":"publish","type":"post","link":"https:\/\/bancosfinanzasvalores.com\/en\/2018\/06\/06\/banco-central-europeo-debatira-terminar-las-compras-bonos\/","title":{"rendered":"Banco Central Europeo debatir\u00e1 terminar las compras de bonos"},"content":{"rendered":"<p>BERL\u00cdN &#8211; El Banco Central Europeo (BCE) conf\u00eda cada vez m\u00e1s en que la inflaci\u00f3n est\u00e1 recuper\u00e1ndose hacia el objetivo de la instituci\u00f3n, que la semana que viene debatir\u00e1 sobre si retira gradualmente las compras de activos, dijo el mi\u00e9rcoles el economista jefe del BCE, Peter Praet.<\/p>\n<p>Tras haber reanimado el crecimiento econ\u00f3mico con un plan de compras de bonos sin precedentes de 2,55 billones de euros, los responsables del BCE se han estado debatiendo sobre si terminar las compras para finales de este a\u00f1o a medida que se aleja la amenaza de la deflaci\u00f3n y el bloque vive su mejor racha de crecimiento en una d\u00e9cada.<\/p>\n<p>Aunque los responsables del banco central est\u00e1n de acuerdo en que las compras pueden terminar, su presidente, Mario Draghi, ha evitado cualquier debate formal sobre la retirada del programa de compras, a la espera de m\u00e1s se\u00f1ales de que la inflaci\u00f3n vive un rebote sostenido.<\/p>\n<p>&#8220;Las se\u00f1ales que muestran la convergencia de la inflaci\u00f3n hacia nuestro objetivo han estado mejorando, y tanto la fortaleza subyacente de la econom\u00eda en la zona euro como el hecho de que tal fortaleza afecta cada vez m\u00e1s la formaci\u00f3n de los salarios respaldan nuestra confianza en que la inflaci\u00f3n alcanzar\u00e1 un nivel inferior, pero cercano al 2 por ciento a medio plazo&#8221;, dijo Praet en Berl\u00edn.<\/p>\n<p>&#8220;Las bajas expectativas del mercado sobre una expansi\u00f3n considerable de nuestro programa han ido acompa\u00f1adas de expectativas de inflaci\u00f3n que cada vez son m\u00e1s coherentes con nuestro objetivo&#8221;, a\u00f1adi\u00f3 Praet, un aliado cercano a Draghi, en un discurso.<\/p>\n<p>Aunque muchos responsables esperan una decisi\u00f3n definitiva sobre el final de las compras en la reuni\u00f3n del banco en julio, los comentarios de Praet sugieren que el debate comenzar\u00e1 el pr\u00f3ximo jueves, cuando se re\u00fana el consejo de gobierno del banco central en Riga.<\/p>\n<p>Las compras, ahora reducidas a 30.000 millones de euros al mes, seguir\u00e1n realiz\u00e1ndose hasta finales de septiembre, pero los responsables han argumentado que se deber\u00eda retirar gradualmente en varios meses.<\/p>\n<p>&#8220;La pr\u00f3xima semana, el Consejo de Gobierno tendr\u00e1 que evaluar si ha habido suficientes avances hasta ahora como para justificar una retirada gradual de nuestras compras netas&#8221;, a\u00f1adi\u00f3, <\/p>\n","protected":false},"excerpt":{"rendered":"<p>BERL\u00cdN &#8211; El Banco Central Europeo (BCE) conf\u00eda cada vez m\u00e1s en que la inflaci\u00f3n est\u00e1 recuper\u00e1ndose hacia el objetivo de la instituci\u00f3n, que la semana que viene debatir\u00e1 sobre si retira gradualmente las compras de activos, dijo el mi\u00e9rcoles el economista jefe del BCE, Peter Praet. Tras haber reanimado el crecimiento econ\u00f3mico con un [&hellip;]<\/p>\n","protected":false},"author":16,"featured_media":837,"comment_status":"open","ping_status":"open","sticky":false,"template":"","format":"standard","meta":{"_acf_changed":false,"_monsterinsights_skip_tracking":false,"_monsterinsights_sitenote_active":false,"_monsterinsights_sitenote_note":"","_monsterinsights_sitenote_category":0,"footnotes":""},"categories":[34,1],"tags":[],"class_list":["post-836","post","type-post","status-publish","format-standard","has-post-thumbnail","hentry","category-bank","category-titulares"],"acf":[],"yoast_head":"<!-- This site is optimized with the Yoast SEO plugin v27.5 - https:\/\/yoast.com\/product\/yoast-seo-wordpress\/ -->\n<title>Banco Central Europeo debatir\u00e1 terminar las compras de bonos - Bancos Finanzas y Valores<\/title>\n<meta name=\"robots\" content=\"index, follow, max-snippet:-1, max-image-preview:large, max-video-preview:-1\" \/>\n<link rel=\"canonical\" href=\"https:\/\/bancosfinanzasvalores.com\/2018\/06\/06\/banco-central-europeo-debatira-terminar-las-compras-bonos\/\" \/>\n<meta property=\"og:locale\" content=\"en_US\" \/>\n<meta property=\"og:type\" content=\"article\" \/>\n<meta property=\"og:title\" content=\"Banco Central Europeo debatir\u00e1 terminar las compras de bonos - Bancos Finanzas y Valores\" \/>\n<meta property=\"og:description\" content=\"BERL\u00cdN &#8211; El Banco Central Europeo (BCE) conf\u00eda cada vez m\u00e1s en que la inflaci\u00f3n est\u00e1 recuper\u00e1ndose hacia el objetivo de la instituci\u00f3n, que la semana que viene debatir\u00e1 sobre si retira gradualmente las compras de activos, dijo el mi\u00e9rcoles el economista jefe del BCE, Peter Praet. Tras haber reanimado el crecimiento econ\u00f3mico con un [&hellip;]\" \/>\n<meta property=\"og:url\" content=\"https:\/\/bancosfinanzasvalores.com\/2018\/06\/06\/banco-central-europeo-debatira-terminar-las-compras-bonos\/\" \/>\n<meta property=\"og:site_name\" content=\"Bancos Finanzas y Valores\" \/>\n<meta property=\"article:published_time\" content=\"2018-06-06T11:47:43+00:00\" \/>\n<meta property=\"og:image\" content=\"https:\/\/bancosfinanzasvalores.com\/wp-content\/uploads\/sites\/10\/2018\/06\/01-3.jpg\" \/>\n\t<meta property=\"og:image:width\" content=\"787\" \/>\n\t<meta property=\"og:image:height\" content=\"431\" \/>\n\t<meta property=\"og:image:type\" content=\"image\/jpeg\" \/>\n<meta name=\"author\" content=\"Redacci\u00f3n Multimedios\" \/>\n<meta name=\"twitter:card\" content=\"summary_large_image\" \/>\n<meta name=\"twitter:creator\" content=\"@EMdelosNEGOCIOS\" \/>\n<meta name=\"twitter:label1\" content=\"Written by\" \/>\n\t<meta name=\"twitter:data1\" content=\"Redacci\u00f3n Multimedios\" \/>\n\t<meta name=\"twitter:label2\" content=\"Est. reading time\" \/>\n\t<meta name=\"twitter:data2\" content=\"2 minutes\" \/>\n<script type=\"application\/ld+json\" class=\"yoast-schema-graph\">{\"@context\":\"https:\\\/\\\/schema.org\",\"@graph\":[{\"@type\":\"Article\",\"@id\":\"https:\\\/\\\/bancosfinanzasvalores.com\\\/2018\\\/06\\\/06\\\/banco-central-europeo-debatira-terminar-las-compras-bonos\\\/#article\",\"isPartOf\":{\"@id\":\"https:\\\/\\\/bancosfinanzasvalores.com\\\/2018\\\/06\\\/06\\\/banco-central-europeo-debatira-terminar-las-compras-bonos\\\/\"},\"author\":{\"name\":\"Redacci\u00f3n Multimedios\",\"@id\":\"https:\\\/\\\/bancosfinanzasvalores.com\\\/#\\\/schema\\\/person\\\/20537348e4a779400f65bacd515f5e98\"},\"headline\":\"Banco Central Europeo debatir\u00e1 terminar las compras de bonos\",\"datePublished\":\"2018-06-06T11:47:43+00:00\",\"mainEntityOfPage\":{\"@id\":\"https:\\\/\\\/bancosfinanzasvalores.com\\\/2018\\\/06\\\/06\\\/banco-central-europeo-debatira-terminar-las-compras-bonos\\\/\"},\"wordCount\":401,\"commentCount\":0,\"image\":{\"@id\":\"https:\\\/\\\/bancosfinanzasvalores.com\\\/2018\\\/06\\\/06\\\/banco-central-europeo-debatira-terminar-las-compras-bonos\\\/#primaryimage\"},\"thumbnailUrl\":\"https:\\\/\\\/bancosfinanzasvalores.com\\\/wp-content\\\/uploads\\\/sites\\\/10\\\/2018\\\/06\\\/01-3.jpg\",\"articleSection\":[\"Bancos\",\"Titulares\"],\"inLanguage\":\"en-US\",\"potentialAction\":[{\"@type\":\"CommentAction\",\"name\":\"Comment\",\"target\":[\"https:\\\/\\\/bancosfinanzasvalores.com\\\/2018\\\/06\\\/06\\\/banco-central-europeo-debatira-terminar-las-compras-bonos\\\/#respond\"]}]},{\"@type\":\"WebPage\",\"@id\":\"https:\\\/\\\/bancosfinanzasvalores.com\\\/2018\\\/06\\\/06\\\/banco-central-europeo-debatira-terminar-las-compras-bonos\\\/\",\"url\":\"https:\\\/\\\/bancosfinanzasvalores.com\\\/2018\\\/06\\\/06\\\/banco-central-europeo-debatira-terminar-las-compras-bonos\\\/\",\"name\":\"Banco Central Europeo debatir\u00e1 terminar las compras de bonos - Bancos Finanzas y Valores\",\"isPartOf\":{\"@id\":\"https:\\\/\\\/bancosfinanzasvalores.com\\\/#website\"},\"primaryImageOfPage\":{\"@id\":\"https:\\\/\\\/bancosfinanzasvalores.com\\\/2018\\\/06\\\/06\\\/banco-central-europeo-debatira-terminar-las-compras-bonos\\\/#primaryimage\"},\"image\":{\"@id\":\"https:\\\/\\\/bancosfinanzasvalores.com\\\/2018\\\/06\\\/06\\\/banco-central-europeo-debatira-terminar-las-compras-bonos\\\/#primaryimage\"},\"thumbnailUrl\":\"https:\\\/\\\/bancosfinanzasvalores.com\\\/wp-content\\\/uploads\\\/sites\\\/10\\\/2018\\\/06\\\/01-3.jpg\",\"datePublished\":\"2018-06-06T11:47:43+00:00\",\"author\":{\"@id\":\"https:\\\/\\\/bancosfinanzasvalores.com\\\/#\\\/schema\\\/person\\\/20537348e4a779400f65bacd515f5e98\"},\"breadcrumb\":{\"@id\":\"https:\\\/\\\/bancosfinanzasvalores.com\\\/2018\\\/06\\\/06\\\/banco-central-europeo-debatira-terminar-las-compras-bonos\\\/#breadcrumb\"},\"inLanguage\":\"en-US\",\"potentialAction\":[{\"@type\":\"ReadAction\",\"target\":[\"https:\\\/\\\/bancosfinanzasvalores.com\\\/2018\\\/06\\\/06\\\/banco-central-europeo-debatira-terminar-las-compras-bonos\\\/\"]}]},{\"@type\":\"ImageObject\",\"inLanguage\":\"en-US\",\"@id\":\"https:\\\/\\\/bancosfinanzasvalores.com\\\/2018\\\/06\\\/06\\\/banco-central-europeo-debatira-terminar-las-compras-bonos\\\/#primaryimage\",\"url\":\"https:\\\/\\\/bancosfinanzasvalores.com\\\/wp-content\\\/uploads\\\/sites\\\/10\\\/2018\\\/06\\\/01-3.jpg\",\"contentUrl\":\"https:\\\/\\\/bancosfinanzasvalores.com\\\/wp-content\\\/uploads\\\/sites\\\/10\\\/2018\\\/06\\\/01-3.jpg\",\"width\":787,\"height\":431},{\"@type\":\"BreadcrumbList\",\"@id\":\"https:\\\/\\\/bancosfinanzasvalores.com\\\/2018\\\/06\\\/06\\\/banco-central-europeo-debatira-terminar-las-compras-bonos\\\/#breadcrumb\",\"itemListElement\":[{\"@type\":\"ListItem\",\"position\":1,\"name\":\"Portada\",\"item\":\"https:\\\/\\\/bancosfinanzasvalores.com\\\/\"},{\"@type\":\"ListItem\",\"position\":2,\"name\":\"Banco Central Europeo debatir\u00e1 terminar las compras de bonos\"}]},{\"@type\":\"WebSite\",\"@id\":\"https:\\\/\\\/bancosfinanzasvalores.com\\\/#website\",\"url\":\"https:\\\/\\\/bancosfinanzasvalores.com\\\/\",\"name\":\"Bancos Finanzas y Valores\",\"description\":\"\",\"potentialAction\":[{\"@type\":\"SearchAction\",\"target\":{\"@type\":\"EntryPoint\",\"urlTemplate\":\"https:\\\/\\\/bancosfinanzasvalores.com\\\/?s={search_term_string}\"},\"query-input\":{\"@type\":\"PropertyValueSpecification\",\"valueRequired\":true,\"valueName\":\"search_term_string\"}}],\"inLanguage\":\"en-US\"},{\"@type\":\"Person\",\"@id\":\"https:\\\/\\\/bancosfinanzasvalores.com\\\/#\\\/schema\\\/person\\\/20537348e4a779400f65bacd515f5e98\",\"name\":\"Redacci\u00f3n Multimedios\",\"image\":{\"@type\":\"ImageObject\",\"inLanguage\":\"en-US\",\"@id\":\"https:\\\/\\\/secure.gravatar.com\\\/avatar\\\/875383f62e2dabe9932509449b2ee1c8f286cbf9bec463a638879473cb28dd38?s=96&d=mm&r=g\",\"url\":\"https:\\\/\\\/secure.gravatar.com\\\/avatar\\\/875383f62e2dabe9932509449b2ee1c8f286cbf9bec463a638879473cb28dd38?s=96&d=mm&r=g\",\"contentUrl\":\"https:\\\/\\\/secure.gravatar.com\\\/avatar\\\/875383f62e2dabe9932509449b2ee1c8f286cbf9bec463a638879473cb28dd38?s=96&d=mm&r=g\",\"caption\":\"Redacci\u00f3n Multimedios\"},\"description\":\"Con unos 40 a\u00f1os de experiencia en el \u00e1mbito de las comunicaciones especializadas, ampliamente relacionado a los sectores de la Construcci\u00f3n y los Bienes Ra\u00edces, organizador de las primeras Expos Nacionales e Internacionales del sector de la construcci\u00f3n, turismo y los Bienes Ra\u00edces en la R.D.\",\"sameAs\":[\"http:\\\/\\\/es.gravatar.com\\\/multimediosdg\",\"https:\\\/\\\/x.com\\\/EMdelosNEGOCIOS\"],\"url\":\"https:\\\/\\\/bancosfinanzasvalores.com\\\/en\\\/author\\\/theballestergroup\\\/\"}]}<\/script>\n<!-- \/ Yoast SEO plugin. -->","yoast_head_json":{"title":"Banco Central Europeo debatir\u00e1 terminar las compras de bonos - Bancos Finanzas y Valores","robots":{"index":"index","follow":"follow","max-snippet":"max-snippet:-1","max-image-preview":"max-image-preview:large","max-video-preview":"max-video-preview:-1"},"canonical":"https:\/\/bancosfinanzasvalores.com\/2018\/06\/06\/banco-central-europeo-debatira-terminar-las-compras-bonos\/","og_locale":"en_US","og_type":"article","og_title":"Banco Central Europeo debatir\u00e1 terminar las compras de bonos - Bancos Finanzas y Valores","og_description":"BERL\u00cdN &#8211; El Banco Central Europeo (BCE) conf\u00eda cada vez m\u00e1s en que la inflaci\u00f3n est\u00e1 recuper\u00e1ndose hacia el objetivo de la instituci\u00f3n, que la semana que viene debatir\u00e1 sobre si retira gradualmente las compras de activos, dijo el mi\u00e9rcoles el economista jefe del BCE, Peter Praet. Tras haber reanimado el crecimiento econ\u00f3mico con un [&hellip;]","og_url":"https:\/\/bancosfinanzasvalores.com\/2018\/06\/06\/banco-central-europeo-debatira-terminar-las-compras-bonos\/","og_site_name":"Bancos Finanzas y Valores","article_published_time":"2018-06-06T11:47:43+00:00","og_image":[{"width":787,"height":431,"url":"https:\/\/bancosfinanzasvalores.com\/wp-content\/uploads\/sites\/10\/2018\/06\/01-3.jpg","type":"image\/jpeg"}],"author":"Redacci\u00f3n Multimedios","twitter_card":"summary_large_image","twitter_creator":"@EMdelosNEGOCIOS","twitter_misc":{"Written by":"Redacci\u00f3n Multimedios","Est. reading time":"2 minutes"},"schema":{"@context":"https:\/\/schema.org","@graph":[{"@type":"Article","@id":"https:\/\/bancosfinanzasvalores.com\/2018\/06\/06\/banco-central-europeo-debatira-terminar-las-compras-bonos\/#article","isPartOf":{"@id":"https:\/\/bancosfinanzasvalores.com\/2018\/06\/06\/banco-central-europeo-debatira-terminar-las-compras-bonos\/"},"author":{"name":"Redacci\u00f3n Multimedios","@id":"https:\/\/bancosfinanzasvalores.com\/#\/schema\/person\/20537348e4a779400f65bacd515f5e98"},"headline":"Banco Central Europeo debatir\u00e1 terminar las compras de bonos","datePublished":"2018-06-06T11:47:43+00:00","mainEntityOfPage":{"@id":"https:\/\/bancosfinanzasvalores.com\/2018\/06\/06\/banco-central-europeo-debatira-terminar-las-compras-bonos\/"},"wordCount":401,"commentCount":0,"image":{"@id":"https:\/\/bancosfinanzasvalores.com\/2018\/06\/06\/banco-central-europeo-debatira-terminar-las-compras-bonos\/#primaryimage"},"thumbnailUrl":"https:\/\/bancosfinanzasvalores.com\/wp-content\/uploads\/sites\/10\/2018\/06\/01-3.jpg","articleSection":["Bancos","Titulares"],"inLanguage":"en-US","potentialAction":[{"@type":"CommentAction","name":"Comment","target":["https:\/\/bancosfinanzasvalores.com\/2018\/06\/06\/banco-central-europeo-debatira-terminar-las-compras-bonos\/#respond"]}]},{"@type":"WebPage","@id":"https:\/\/bancosfinanzasvalores.com\/2018\/06\/06\/banco-central-europeo-debatira-terminar-las-compras-bonos\/","url":"https:\/\/bancosfinanzasvalores.com\/2018\/06\/06\/banco-central-europeo-debatira-terminar-las-compras-bonos\/","name":"Banco Central Europeo debatir\u00e1 terminar las compras de bonos - Bancos Finanzas y Valores","isPartOf":{"@id":"https:\/\/bancosfinanzasvalores.com\/#website"},"primaryImageOfPage":{"@id":"https:\/\/bancosfinanzasvalores.com\/2018\/06\/06\/banco-central-europeo-debatira-terminar-las-compras-bonos\/#primaryimage"},"image":{"@id":"https:\/\/bancosfinanzasvalores.com\/2018\/06\/06\/banco-central-europeo-debatira-terminar-las-compras-bonos\/#primaryimage"},"thumbnailUrl":"https:\/\/bancosfinanzasvalores.com\/wp-content\/uploads\/sites\/10\/2018\/06\/01-3.jpg","datePublished":"2018-06-06T11:47:43+00:00","author":{"@id":"https:\/\/bancosfinanzasvalores.com\/#\/schema\/person\/20537348e4a779400f65bacd515f5e98"},"breadcrumb":{"@id":"https:\/\/bancosfinanzasvalores.com\/2018\/06\/06\/banco-central-europeo-debatira-terminar-las-compras-bonos\/#breadcrumb"},"inLanguage":"en-US","potentialAction":[{"@type":"ReadAction","target":["https:\/\/bancosfinanzasvalores.com\/2018\/06\/06\/banco-central-europeo-debatira-terminar-las-compras-bonos\/"]}]},{"@type":"ImageObject","inLanguage":"en-US","@id":"https:\/\/bancosfinanzasvalores.com\/2018\/06\/06\/banco-central-europeo-debatira-terminar-las-compras-bonos\/#primaryimage","url":"https:\/\/bancosfinanzasvalores.com\/wp-content\/uploads\/sites\/10\/2018\/06\/01-3.jpg","contentUrl":"https:\/\/bancosfinanzasvalores.com\/wp-content\/uploads\/sites\/10\/2018\/06\/01-3.jpg","width":787,"height":431},{"@type":"BreadcrumbList","@id":"https:\/\/bancosfinanzasvalores.com\/2018\/06\/06\/banco-central-europeo-debatira-terminar-las-compras-bonos\/#breadcrumb","itemListElement":[{"@type":"ListItem","position":1,"name":"Portada","item":"https:\/\/bancosfinanzasvalores.com\/"},{"@type":"ListItem","position":2,"name":"Banco Central Europeo debatir\u00e1 terminar las compras de bonos"}]},{"@type":"WebSite","@id":"https:\/\/bancosfinanzasvalores.com\/#website","url":"https:\/\/bancosfinanzasvalores.com\/","name":"Bancos Finanzas y Valores","description":"","potentialAction":[{"@type":"SearchAction","target":{"@type":"EntryPoint","urlTemplate":"https:\/\/bancosfinanzasvalores.com\/?s={search_term_string}"},"query-input":{"@type":"PropertyValueSpecification","valueRequired":true,"valueName":"search_term_string"}}],"inLanguage":"en-US"},{"@type":"Person","@id":"https:\/\/bancosfinanzasvalores.com\/#\/schema\/person\/20537348e4a779400f65bacd515f5e98","name":"Redacci\u00f3n Multimedios","image":{"@type":"ImageObject","inLanguage":"en-US","@id":"https:\/\/secure.gravatar.com\/avatar\/875383f62e2dabe9932509449b2ee1c8f286cbf9bec463a638879473cb28dd38?s=96&d=mm&r=g","url":"https:\/\/secure.gravatar.com\/avatar\/875383f62e2dabe9932509449b2ee1c8f286cbf9bec463a638879473cb28dd38?s=96&d=mm&r=g","contentUrl":"https:\/\/secure.gravatar.com\/avatar\/875383f62e2dabe9932509449b2ee1c8f286cbf9bec463a638879473cb28dd38?s=96&d=mm&r=g","caption":"Redacci\u00f3n Multimedios"},"description":"Con unos 40 a\u00f1os de experiencia en el \u00e1mbito de las comunicaciones especializadas, ampliamente relacionado a los sectores de la Construcci\u00f3n y los Bienes Ra\u00edces, organizador de las primeras Expos Nacionales e Internacionales del sector de la construcci\u00f3n, turismo y los Bienes Ra\u00edces en la R.D.","sameAs":["http:\/\/es.gravatar.com\/multimediosdg","https:\/\/x.com\/EMdelosNEGOCIOS"],"url":"https:\/\/bancosfinanzasvalores.com\/en\/author\/theballestergroup\/"}]}},"_links":{"self":[{"href":"https:\/\/bancosfinanzasvalores.com\/en\/wp-json\/wp\/v2\/posts\/836","targetHints":{"allow":["GET"]}}],"collection":[{"href":"https:\/\/bancosfinanzasvalores.com\/en\/wp-json\/wp\/v2\/posts"}],"about":[{"href":"https:\/\/bancosfinanzasvalores.com\/en\/wp-json\/wp\/v2\/types\/post"}],"author":[{"embeddable":true,"href":"https:\/\/bancosfinanzasvalores.com\/en\/wp-json\/wp\/v2\/users\/16"}],"replies":[{"embeddable":true,"href":"https:\/\/bancosfinanzasvalores.com\/en\/wp-json\/wp\/v2\/comments?post=836"}],"version-history":[{"count":1,"href":"https:\/\/bancosfinanzasvalores.com\/en\/wp-json\/wp\/v2\/posts\/836\/revisions"}],"predecessor-version":[{"id":838,"href":"https:\/\/bancosfinanzasvalores.com\/en\/wp-json\/wp\/v2\/posts\/836\/revisions\/838"}],"wp:featuredmedia":[{"embeddable":true,"href":"https:\/\/bancosfinanzasvalores.com\/en\/wp-json\/wp\/v2\/media\/837"}],"wp:attachment":[{"href":"https:\/\/bancosfinanzasvalores.com\/en\/wp-json\/wp\/v2\/media?parent=836"}],"wp:term":[{"taxonomy":"category","embeddable":true,"href":"https:\/\/bancosfinanzasvalores.com\/en\/wp-json\/wp\/v2\/categories?post=836"},{"taxonomy":"post_tag","embeddable":true,"href":"https:\/\/bancosfinanzasvalores.com\/en\/wp-json\/wp\/v2\/tags?post=836"}],"curies":[{"name":"wp","href":"https:\/\/api.w.org\/{rel}","templated":true}]}}