{"id":843,"date":"2018-06-06T14:22:43","date_gmt":"2018-06-06T14:22:43","guid":{"rendered":"http:\/\/bancosfinanzasvalores.com\/?p=843"},"modified":"2018-06-06T14:22:43","modified_gmt":"2018-06-06T14:22:43","slug":"banco-mundial-advierte-desaceleracion-global-proteccionismo","status":"publish","type":"post","link":"https:\/\/bancosfinanzasvalores.com\/en\/2018\/06\/06\/banco-mundial-advierte-desaceleracion-global-proteccionismo\/","title":{"rendered":"Banco Mundial advierte desaceleraci\u00f3n global por proteccionismo"},"content":{"rendered":"<p>El Banco Mundial prev\u00e9 una desaceleraci\u00f3n del crecimiento global, al 3.1% en 2018 y 3% en 2019, ante los crecientes riesgos de tensiones financieras, la escalada del proteccionismo comercial y el aumento de los tipos de inter\u00e9s, seg\u00fan su informe semestral de perspectivas publicado este martes.<\/p>\n<p>\u201cEl comercio global se ha suavizado pero sigue siendo robusto, aunque con riesgos a la baja. La posibilidad de tensiones en el mercado financiero, la escalada de proteccionismo comercial y las reforzadas tensiones pol\u00edticas contin\u00faan oscureciendo el panorama\u201d, se apunta en el reporte.<\/p>\n<p>El BM pronostic\u00f3 que las econom\u00edas avanzadas se expandir\u00e1n un 2.2% en 2018 y 2% en 2019 (con Estados Unidos registrando un 2.7% y 2.5% y la zona euro, un 2.1% y 1.7%), a medida que los bancos centrales eliminen gradualmente los est\u00edmulos monetarios.<\/p>\n<p>El informe, titulado \u00bfUn cambio de marea?, recalc\u00f3 que \u201cel desenlace de algunas negociaciones comerciales sigue siendo incierto, y el riesgo de una escalada en las restricciones comerciales se ha intensificado, ya que los nuevos anuncios de aranceles de EEUU han generado represalias de algunos de sus principales socios comerciales\u201d.<\/p>\n<p>Mientras, las econom\u00edas emergentes lo har\u00e1n m\u00e1s r\u00e1pido, un 4.5% y 4.7%, respectivamente, por \u201cla maduraci\u00f3n de la recuperaci\u00f3n de los pa\u00edses exportadores de productos b\u00e1sicos, y los precios de dichos productos se estabilizar\u00e1n tras el incremento de este a\u00f1o\u201d.<\/p>\n<p>En China, la gran locomotora mundial durante la pasada crisis, el crecimiento se desacelerar\u00e1 del 6.5% en 2018 al 6.3% en 2019, puesto que se atenuar\u00e1 el apoyo normativo y las pol\u00edticas fiscales se volver\u00e1n menos flexibles.<\/p>\n<p>\u201cLos funcionarios responsables de dise\u00f1ar pol\u00edticas en los mercados emergentes y las econom\u00edas en desarrollo deben estar preparados para hacer frente a posibles episodios de volatilidad en los mercados financieros a medida que se intensifica la normalizaci\u00f3n de las pol\u00edticas monetarias de las econom\u00edas avanzadas\u201d, dijo Ayhan Kose, director del Perspectivas de Desarrollo del BM.<\/p>\n<p>Los mercados est\u00e1n particularmente atentos a una posible aceleraci\u00f3n del alza de los tipos de inter\u00e9s en EE.UU., donde la Reserva Federal prev\u00e9 al menos dos ajustes monetarios m\u00e1s en lo que resta del a\u00f1o, del rango actual de entre el 1.5% y 1.75%, con importantes repercusiones en los mercados emergentes.<\/p>\n<p>Kose, en una conferencia telef\u00f3nica para presentar el reporte, indic\u00f3 que \u201cel aumento en los niveles de endeudamiento vuelve a los pa\u00edses m\u00e1s vulnerables a esta suba en las tasas de inter\u00e9s\u201d lo que \u201cpone de relieve la importancia de volver a establecer mecanismos de amortiguaci\u00f3n frente a las crisis financieras\u201d.<\/p>\n<p>Por su parte, en Am\u00e9rica Latina, mantendr\u00e1 su \u201cmodesta recuperaci\u00f3n\u201d hasta registrar una expansi\u00f3n del 1.7% en 2018 y en un 2.3% en 2019, impulsado por la inversi\u00f3n y el consumo privados, y la mejora de las perspectivas en Brasil (2.4% y 2.5%, respectivamente) y M\u00e9xico (2.3% y 2.5%).<\/p>\n<p>Caso especial es el de Argentina, cuya econom\u00eda se frenar\u00e1 tras la crisis del peso que llev\u00f3 a las autoridades a elevar de manera abrupta los tipos de inter\u00e9s y solicitar un programa de asistencia financiera al Fondo Monetario Internacional (FMI).<\/p>\n<p>Como consecuencia, el BM rebaj\u00f3 las previsiones de Argentina hasta el 1.7% este a\u00f1o debido a la restricci\u00f3n monetaria y fiscal y a los efectos de la sequ\u00eda, y del 1.8% en 2019, frente al 3% anual para ambos a\u00f1os previsto seis meses atr\u00e1s.<\/p>\n<p>El frenazo de la econom\u00eda argentina se produce tras la crisis del peso de hace un mes que llev\u00f3 al gobierno a elevar abruptamente los tipos de inter\u00e9s. <\/p>\n","protected":false},"excerpt":{"rendered":"<p>El Banco Mundial prev\u00e9 una desaceleraci\u00f3n del crecimiento global, al 3.1% en 2018 y 3% en 2019, ante los crecientes riesgos de tensiones financieras, la escalada del proteccionismo comercial y el aumento de los tipos de inter\u00e9s, seg\u00fan su informe semestral de perspectivas publicado este martes. \u201cEl comercio global se ha suavizado pero sigue siendo [&hellip;]<\/p>\n","protected":false},"author":16,"featured_media":844,"comment_status":"open","ping_status":"open","sticky":false,"template":"","format":"standard","meta":{"_acf_changed":false,"_monsterinsights_skip_tracking":false,"_monsterinsights_sitenote_active":false,"_monsterinsights_sitenote_note":"","_monsterinsights_sitenote_category":0,"footnotes":""},"categories":[34,1],"tags":[],"class_list":["post-843","post","type-post","status-publish","format-standard","has-post-thumbnail","hentry","category-bank","category-titulares"],"acf":[],"yoast_head":"<!-- This site is optimized with the Yoast SEO plugin v27.5 - https:\/\/yoast.com\/product\/yoast-seo-wordpress\/ -->\n<title>Banco Mundial advierte desaceleraci\u00f3n global por proteccionismo - Bancos Finanzas y Valores<\/title>\n<meta name=\"robots\" content=\"index, follow, max-snippet:-1, max-image-preview:large, max-video-preview:-1\" \/>\n<link rel=\"canonical\" href=\"https:\/\/bancosfinanzasvalores.com\/2018\/06\/06\/banco-mundial-advierte-desaceleracion-global-proteccionismo\/\" \/>\n<meta property=\"og:locale\" content=\"en_US\" \/>\n<meta property=\"og:type\" content=\"article\" \/>\n<meta property=\"og:title\" content=\"Banco Mundial advierte desaceleraci\u00f3n global por proteccionismo - Bancos Finanzas y Valores\" \/>\n<meta property=\"og:description\" content=\"El Banco Mundial prev\u00e9 una desaceleraci\u00f3n del crecimiento global, al 3.1% en 2018 y 3% en 2019, ante los crecientes riesgos de tensiones financieras, la escalada del proteccionismo comercial y el aumento de los tipos de inter\u00e9s, seg\u00fan su informe semestral de perspectivas publicado este martes. \u201cEl comercio global se ha suavizado pero sigue siendo [&hellip;]\" \/>\n<meta property=\"og:url\" content=\"https:\/\/bancosfinanzasvalores.com\/2018\/06\/06\/banco-mundial-advierte-desaceleracion-global-proteccionismo\/\" \/>\n<meta property=\"og:site_name\" content=\"Bancos Finanzas y Valores\" \/>\n<meta property=\"article:published_time\" content=\"2018-06-06T14:22:43+00:00\" \/>\n<meta property=\"og:image\" content=\"https:\/\/bancosfinanzasvalores.com\/wp-content\/uploads\/sites\/10\/2018\/06\/Banco-Mundial-1.jpg\" \/>\n\t<meta property=\"og:image:width\" content=\"787\" \/>\n\t<meta property=\"og:image:height\" content=\"431\" \/>\n\t<meta property=\"og:image:type\" content=\"image\/jpeg\" \/>\n<meta name=\"author\" content=\"Redacci\u00f3n Multimedios\" \/>\n<meta name=\"twitter:card\" content=\"summary_large_image\" \/>\n<meta name=\"twitter:creator\" content=\"@EMdelosNEGOCIOS\" \/>\n<meta name=\"twitter:label1\" content=\"Written by\" \/>\n\t<meta name=\"twitter:data1\" content=\"Redacci\u00f3n Multimedios\" \/>\n\t<meta name=\"twitter:label2\" content=\"Est. reading time\" \/>\n\t<meta name=\"twitter:data2\" content=\"3 minutes\" \/>\n<script type=\"application\/ld+json\" class=\"yoast-schema-graph\">{\"@context\":\"https:\\\/\\\/schema.org\",\"@graph\":[{\"@type\":\"Article\",\"@id\":\"https:\\\/\\\/bancosfinanzasvalores.com\\\/2018\\\/06\\\/06\\\/banco-mundial-advierte-desaceleracion-global-proteccionismo\\\/#article\",\"isPartOf\":{\"@id\":\"https:\\\/\\\/bancosfinanzasvalores.com\\\/2018\\\/06\\\/06\\\/banco-mundial-advierte-desaceleracion-global-proteccionismo\\\/\"},\"author\":{\"name\":\"Redacci\u00f3n Multimedios\",\"@id\":\"https:\\\/\\\/bancosfinanzasvalores.com\\\/#\\\/schema\\\/person\\\/20537348e4a779400f65bacd515f5e98\"},\"headline\":\"Banco Mundial advierte desaceleraci\u00f3n global por proteccionismo\",\"datePublished\":\"2018-06-06T14:22:43+00:00\",\"mainEntityOfPage\":{\"@id\":\"https:\\\/\\\/bancosfinanzasvalores.com\\\/2018\\\/06\\\/06\\\/banco-mundial-advierte-desaceleracion-global-proteccionismo\\\/\"},\"wordCount\":606,\"commentCount\":0,\"image\":{\"@id\":\"https:\\\/\\\/bancosfinanzasvalores.com\\\/2018\\\/06\\\/06\\\/banco-mundial-advierte-desaceleracion-global-proteccionismo\\\/#primaryimage\"},\"thumbnailUrl\":\"https:\\\/\\\/bancosfinanzasvalores.com\\\/wp-content\\\/uploads\\\/sites\\\/10\\\/2018\\\/06\\\/Banco-Mundial-1.jpg\",\"articleSection\":[\"Bancos\",\"Titulares\"],\"inLanguage\":\"en-US\",\"potentialAction\":[{\"@type\":\"CommentAction\",\"name\":\"Comment\",\"target\":[\"https:\\\/\\\/bancosfinanzasvalores.com\\\/2018\\\/06\\\/06\\\/banco-mundial-advierte-desaceleracion-global-proteccionismo\\\/#respond\"]}]},{\"@type\":\"WebPage\",\"@id\":\"https:\\\/\\\/bancosfinanzasvalores.com\\\/2018\\\/06\\\/06\\\/banco-mundial-advierte-desaceleracion-global-proteccionismo\\\/\",\"url\":\"https:\\\/\\\/bancosfinanzasvalores.com\\\/2018\\\/06\\\/06\\\/banco-mundial-advierte-desaceleracion-global-proteccionismo\\\/\",\"name\":\"Banco Mundial advierte desaceleraci\u00f3n global por proteccionismo - Bancos Finanzas y Valores\",\"isPartOf\":{\"@id\":\"https:\\\/\\\/bancosfinanzasvalores.com\\\/#website\"},\"primaryImageOfPage\":{\"@id\":\"https:\\\/\\\/bancosfinanzasvalores.com\\\/2018\\\/06\\\/06\\\/banco-mundial-advierte-desaceleracion-global-proteccionismo\\\/#primaryimage\"},\"image\":{\"@id\":\"https:\\\/\\\/bancosfinanzasvalores.com\\\/2018\\\/06\\\/06\\\/banco-mundial-advierte-desaceleracion-global-proteccionismo\\\/#primaryimage\"},\"thumbnailUrl\":\"https:\\\/\\\/bancosfinanzasvalores.com\\\/wp-content\\\/uploads\\\/sites\\\/10\\\/2018\\\/06\\\/Banco-Mundial-1.jpg\",\"datePublished\":\"2018-06-06T14:22:43+00:00\",\"author\":{\"@id\":\"https:\\\/\\\/bancosfinanzasvalores.com\\\/#\\\/schema\\\/person\\\/20537348e4a779400f65bacd515f5e98\"},\"breadcrumb\":{\"@id\":\"https:\\\/\\\/bancosfinanzasvalores.com\\\/2018\\\/06\\\/06\\\/banco-mundial-advierte-desaceleracion-global-proteccionismo\\\/#breadcrumb\"},\"inLanguage\":\"en-US\",\"potentialAction\":[{\"@type\":\"ReadAction\",\"target\":[\"https:\\\/\\\/bancosfinanzasvalores.com\\\/2018\\\/06\\\/06\\\/banco-mundial-advierte-desaceleracion-global-proteccionismo\\\/\"]}]},{\"@type\":\"ImageObject\",\"inLanguage\":\"en-US\",\"@id\":\"https:\\\/\\\/bancosfinanzasvalores.com\\\/2018\\\/06\\\/06\\\/banco-mundial-advierte-desaceleracion-global-proteccionismo\\\/#primaryimage\",\"url\":\"https:\\\/\\\/bancosfinanzasvalores.com\\\/wp-content\\\/uploads\\\/sites\\\/10\\\/2018\\\/06\\\/Banco-Mundial-1.jpg\",\"contentUrl\":\"https:\\\/\\\/bancosfinanzasvalores.com\\\/wp-content\\\/uploads\\\/sites\\\/10\\\/2018\\\/06\\\/Banco-Mundial-1.jpg\",\"width\":787,\"height\":431},{\"@type\":\"BreadcrumbList\",\"@id\":\"https:\\\/\\\/bancosfinanzasvalores.com\\\/2018\\\/06\\\/06\\\/banco-mundial-advierte-desaceleracion-global-proteccionismo\\\/#breadcrumb\",\"itemListElement\":[{\"@type\":\"ListItem\",\"position\":1,\"name\":\"Portada\",\"item\":\"https:\\\/\\\/bancosfinanzasvalores.com\\\/\"},{\"@type\":\"ListItem\",\"position\":2,\"name\":\"Banco Mundial advierte desaceleraci\u00f3n global por proteccionismo\"}]},{\"@type\":\"WebSite\",\"@id\":\"https:\\\/\\\/bancosfinanzasvalores.com\\\/#website\",\"url\":\"https:\\\/\\\/bancosfinanzasvalores.com\\\/\",\"name\":\"Bancos Finanzas y Valores\",\"description\":\"\",\"potentialAction\":[{\"@type\":\"SearchAction\",\"target\":{\"@type\":\"EntryPoint\",\"urlTemplate\":\"https:\\\/\\\/bancosfinanzasvalores.com\\\/?s={search_term_string}\"},\"query-input\":{\"@type\":\"PropertyValueSpecification\",\"valueRequired\":true,\"valueName\":\"search_term_string\"}}],\"inLanguage\":\"en-US\"},{\"@type\":\"Person\",\"@id\":\"https:\\\/\\\/bancosfinanzasvalores.com\\\/#\\\/schema\\\/person\\\/20537348e4a779400f65bacd515f5e98\",\"name\":\"Redacci\u00f3n Multimedios\",\"image\":{\"@type\":\"ImageObject\",\"inLanguage\":\"en-US\",\"@id\":\"https:\\\/\\\/secure.gravatar.com\\\/avatar\\\/875383f62e2dabe9932509449b2ee1c8f286cbf9bec463a638879473cb28dd38?s=96&d=mm&r=g\",\"url\":\"https:\\\/\\\/secure.gravatar.com\\\/avatar\\\/875383f62e2dabe9932509449b2ee1c8f286cbf9bec463a638879473cb28dd38?s=96&d=mm&r=g\",\"contentUrl\":\"https:\\\/\\\/secure.gravatar.com\\\/avatar\\\/875383f62e2dabe9932509449b2ee1c8f286cbf9bec463a638879473cb28dd38?s=96&d=mm&r=g\",\"caption\":\"Redacci\u00f3n Multimedios\"},\"description\":\"Con unos 40 a\u00f1os de experiencia en el \u00e1mbito de las comunicaciones especializadas, ampliamente relacionado a los sectores de la Construcci\u00f3n y los Bienes Ra\u00edces, organizador de las primeras Expos Nacionales e Internacionales del sector de la construcci\u00f3n, turismo y los Bienes Ra\u00edces en la R.D.\",\"sameAs\":[\"http:\\\/\\\/es.gravatar.com\\\/multimediosdg\",\"https:\\\/\\\/x.com\\\/EMdelosNEGOCIOS\"],\"url\":\"https:\\\/\\\/bancosfinanzasvalores.com\\\/en\\\/author\\\/theballestergroup\\\/\"}]}<\/script>\n<!-- \/ Yoast SEO plugin. -->","yoast_head_json":{"title":"Banco Mundial advierte desaceleraci\u00f3n global por proteccionismo - Bancos Finanzas y Valores","robots":{"index":"index","follow":"follow","max-snippet":"max-snippet:-1","max-image-preview":"max-image-preview:large","max-video-preview":"max-video-preview:-1"},"canonical":"https:\/\/bancosfinanzasvalores.com\/2018\/06\/06\/banco-mundial-advierte-desaceleracion-global-proteccionismo\/","og_locale":"en_US","og_type":"article","og_title":"Banco Mundial advierte desaceleraci\u00f3n global por proteccionismo - Bancos Finanzas y Valores","og_description":"El Banco Mundial prev\u00e9 una desaceleraci\u00f3n del crecimiento global, al 3.1% en 2018 y 3% en 2019, ante los crecientes riesgos de tensiones financieras, la escalada del proteccionismo comercial y el aumento de los tipos de inter\u00e9s, seg\u00fan su informe semestral de perspectivas publicado este martes. \u201cEl comercio global se ha suavizado pero sigue siendo [&hellip;]","og_url":"https:\/\/bancosfinanzasvalores.com\/2018\/06\/06\/banco-mundial-advierte-desaceleracion-global-proteccionismo\/","og_site_name":"Bancos Finanzas y Valores","article_published_time":"2018-06-06T14:22:43+00:00","og_image":[{"width":787,"height":431,"url":"https:\/\/bancosfinanzasvalores.com\/wp-content\/uploads\/sites\/10\/2018\/06\/Banco-Mundial-1.jpg","type":"image\/jpeg"}],"author":"Redacci\u00f3n Multimedios","twitter_card":"summary_large_image","twitter_creator":"@EMdelosNEGOCIOS","twitter_misc":{"Written by":"Redacci\u00f3n Multimedios","Est. reading time":"3 minutes"},"schema":{"@context":"https:\/\/schema.org","@graph":[{"@type":"Article","@id":"https:\/\/bancosfinanzasvalores.com\/2018\/06\/06\/banco-mundial-advierte-desaceleracion-global-proteccionismo\/#article","isPartOf":{"@id":"https:\/\/bancosfinanzasvalores.com\/2018\/06\/06\/banco-mundial-advierte-desaceleracion-global-proteccionismo\/"},"author":{"name":"Redacci\u00f3n Multimedios","@id":"https:\/\/bancosfinanzasvalores.com\/#\/schema\/person\/20537348e4a779400f65bacd515f5e98"},"headline":"Banco Mundial advierte desaceleraci\u00f3n global por proteccionismo","datePublished":"2018-06-06T14:22:43+00:00","mainEntityOfPage":{"@id":"https:\/\/bancosfinanzasvalores.com\/2018\/06\/06\/banco-mundial-advierte-desaceleracion-global-proteccionismo\/"},"wordCount":606,"commentCount":0,"image":{"@id":"https:\/\/bancosfinanzasvalores.com\/2018\/06\/06\/banco-mundial-advierte-desaceleracion-global-proteccionismo\/#primaryimage"},"thumbnailUrl":"https:\/\/bancosfinanzasvalores.com\/wp-content\/uploads\/sites\/10\/2018\/06\/Banco-Mundial-1.jpg","articleSection":["Bancos","Titulares"],"inLanguage":"en-US","potentialAction":[{"@type":"CommentAction","name":"Comment","target":["https:\/\/bancosfinanzasvalores.com\/2018\/06\/06\/banco-mundial-advierte-desaceleracion-global-proteccionismo\/#respond"]}]},{"@type":"WebPage","@id":"https:\/\/bancosfinanzasvalores.com\/2018\/06\/06\/banco-mundial-advierte-desaceleracion-global-proteccionismo\/","url":"https:\/\/bancosfinanzasvalores.com\/2018\/06\/06\/banco-mundial-advierte-desaceleracion-global-proteccionismo\/","name":"Banco Mundial advierte desaceleraci\u00f3n global por proteccionismo - Bancos Finanzas y Valores","isPartOf":{"@id":"https:\/\/bancosfinanzasvalores.com\/#website"},"primaryImageOfPage":{"@id":"https:\/\/bancosfinanzasvalores.com\/2018\/06\/06\/banco-mundial-advierte-desaceleracion-global-proteccionismo\/#primaryimage"},"image":{"@id":"https:\/\/bancosfinanzasvalores.com\/2018\/06\/06\/banco-mundial-advierte-desaceleracion-global-proteccionismo\/#primaryimage"},"thumbnailUrl":"https:\/\/bancosfinanzasvalores.com\/wp-content\/uploads\/sites\/10\/2018\/06\/Banco-Mundial-1.jpg","datePublished":"2018-06-06T14:22:43+00:00","author":{"@id":"https:\/\/bancosfinanzasvalores.com\/#\/schema\/person\/20537348e4a779400f65bacd515f5e98"},"breadcrumb":{"@id":"https:\/\/bancosfinanzasvalores.com\/2018\/06\/06\/banco-mundial-advierte-desaceleracion-global-proteccionismo\/#breadcrumb"},"inLanguage":"en-US","potentialAction":[{"@type":"ReadAction","target":["https:\/\/bancosfinanzasvalores.com\/2018\/06\/06\/banco-mundial-advierte-desaceleracion-global-proteccionismo\/"]}]},{"@type":"ImageObject","inLanguage":"en-US","@id":"https:\/\/bancosfinanzasvalores.com\/2018\/06\/06\/banco-mundial-advierte-desaceleracion-global-proteccionismo\/#primaryimage","url":"https:\/\/bancosfinanzasvalores.com\/wp-content\/uploads\/sites\/10\/2018\/06\/Banco-Mundial-1.jpg","contentUrl":"https:\/\/bancosfinanzasvalores.com\/wp-content\/uploads\/sites\/10\/2018\/06\/Banco-Mundial-1.jpg","width":787,"height":431},{"@type":"BreadcrumbList","@id":"https:\/\/bancosfinanzasvalores.com\/2018\/06\/06\/banco-mundial-advierte-desaceleracion-global-proteccionismo\/#breadcrumb","itemListElement":[{"@type":"ListItem","position":1,"name":"Portada","item":"https:\/\/bancosfinanzasvalores.com\/"},{"@type":"ListItem","position":2,"name":"Banco Mundial advierte desaceleraci\u00f3n global por proteccionismo"}]},{"@type":"WebSite","@id":"https:\/\/bancosfinanzasvalores.com\/#website","url":"https:\/\/bancosfinanzasvalores.com\/","name":"Bancos Finanzas y Valores","description":"","potentialAction":[{"@type":"SearchAction","target":{"@type":"EntryPoint","urlTemplate":"https:\/\/bancosfinanzasvalores.com\/?s={search_term_string}"},"query-input":{"@type":"PropertyValueSpecification","valueRequired":true,"valueName":"search_term_string"}}],"inLanguage":"en-US"},{"@type":"Person","@id":"https:\/\/bancosfinanzasvalores.com\/#\/schema\/person\/20537348e4a779400f65bacd515f5e98","name":"Redacci\u00f3n Multimedios","image":{"@type":"ImageObject","inLanguage":"en-US","@id":"https:\/\/secure.gravatar.com\/avatar\/875383f62e2dabe9932509449b2ee1c8f286cbf9bec463a638879473cb28dd38?s=96&d=mm&r=g","url":"https:\/\/secure.gravatar.com\/avatar\/875383f62e2dabe9932509449b2ee1c8f286cbf9bec463a638879473cb28dd38?s=96&d=mm&r=g","contentUrl":"https:\/\/secure.gravatar.com\/avatar\/875383f62e2dabe9932509449b2ee1c8f286cbf9bec463a638879473cb28dd38?s=96&d=mm&r=g","caption":"Redacci\u00f3n Multimedios"},"description":"Con unos 40 a\u00f1os de experiencia en el \u00e1mbito de las comunicaciones especializadas, ampliamente relacionado a los sectores de la Construcci\u00f3n y los Bienes Ra\u00edces, organizador de las primeras Expos Nacionales e Internacionales del sector de la construcci\u00f3n, turismo y los Bienes Ra\u00edces en la R.D.","sameAs":["http:\/\/es.gravatar.com\/multimediosdg","https:\/\/x.com\/EMdelosNEGOCIOS"],"url":"https:\/\/bancosfinanzasvalores.com\/en\/author\/theballestergroup\/"}]}},"_links":{"self":[{"href":"https:\/\/bancosfinanzasvalores.com\/en\/wp-json\/wp\/v2\/posts\/843","targetHints":{"allow":["GET"]}}],"collection":[{"href":"https:\/\/bancosfinanzasvalores.com\/en\/wp-json\/wp\/v2\/posts"}],"about":[{"href":"https:\/\/bancosfinanzasvalores.com\/en\/wp-json\/wp\/v2\/types\/post"}],"author":[{"embeddable":true,"href":"https:\/\/bancosfinanzasvalores.com\/en\/wp-json\/wp\/v2\/users\/16"}],"replies":[{"embeddable":true,"href":"https:\/\/bancosfinanzasvalores.com\/en\/wp-json\/wp\/v2\/comments?post=843"}],"version-history":[{"count":1,"href":"https:\/\/bancosfinanzasvalores.com\/en\/wp-json\/wp\/v2\/posts\/843\/revisions"}],"predecessor-version":[{"id":845,"href":"https:\/\/bancosfinanzasvalores.com\/en\/wp-json\/wp\/v2\/posts\/843\/revisions\/845"}],"wp:featuredmedia":[{"embeddable":true,"href":"https:\/\/bancosfinanzasvalores.com\/en\/wp-json\/wp\/v2\/media\/844"}],"wp:attachment":[{"href":"https:\/\/bancosfinanzasvalores.com\/en\/wp-json\/wp\/v2\/media?parent=843"}],"wp:term":[{"taxonomy":"category","embeddable":true,"href":"https:\/\/bancosfinanzasvalores.com\/en\/wp-json\/wp\/v2\/categories?post=843"},{"taxonomy":"post_tag","embeddable":true,"href":"https:\/\/bancosfinanzasvalores.com\/en\/wp-json\/wp\/v2\/tags?post=843"}],"curies":[{"name":"wp","href":"https:\/\/api.w.org\/{rel}","templated":true}]}}